{"id":59,"date":"2014-01-01T16:07:03","date_gmt":"2014-01-01T15:07:03","guid":{"rendered":"https:\/\/www.dureuil-janthial.fr\/?p=59"},"modified":"2019-01-31T16:46:13","modified_gmt":"2019-01-31T15:46:13","slug":"bourgogne-aujourdhui-n115-janvier-2014","status":"publish","type":"post","link":"https:\/\/www.dureuil-janthial.fr\/en\/bourgogne-aujourdhui-n115-janvier-2014\/","title":{"rendered":"Bourgogne Aujourd\u2019hui, N\u00b0115, janvier 2014"},"content":{"rendered":"<p>En t\u00eate de liste des vignerons incarnant le renouveau de la C\u00f4te Chalonnaise, Bruno Lorenzon et Vincent Dureuil-Janthial sont exemplaires. Rien n\u2019\u00e9tait pourtant \u00e9crit d\u2019avance pour eux. Leurs vins figurent aujourd\u2019hui parmi ce que la Bourgogne sait faire de mieux. L\u2019ann\u00e9e \u00e9coul\u00e9e nous l\u2019a largement montr\u00e9 et confirm\u00e9\u2026<b><br \/>\n<a href=\"https:\/\/www.dureuil-janthial.fr\/wp-content\/uploads\/2019\/01\/bourgogne_aujourd_hui_n_115_janvier_2014_domaine_dureuil_janthial.pdf\" target=\"_blank\" rel=\"noopener\">&gt; Lire l\u2019article<\/a><\/b><\/p>","protected":false},"excerpt":{"rendered":"<p>En t\u00eate de liste des vignerons incarnant le renouveau de la C\u00f4te Chalonnaise, Bruno Lorenzon et Vincent Dureuil-Janthial sont exemplaires. Rien n\u2019\u00e9tait pourtant \u00e9crit d\u2019avance pour eux. Leurs vins figurent aujourd\u2019hui parmi ce que la Bourgogne sait faire de mieux. L\u2019ann\u00e9e \u00e9coul\u00e9e nous l\u2019a largement montr\u00e9 et confirm\u00e9\u2026 &gt; Lire l\u2019article<\/p>","protected":false},"author":1,"featured_media":7,"comment_status":"closed","ping_status":"closed","sticky":false,"template":"","format":"standard","meta":{"footnotes":""},"categories":[1],"tags":[],"class_list":["post-59","post","type-post","status-publish","format-standard","hentry","category-medias"],"yoast_head":"<!-- This site is optimized with the Yoast SEO plugin v26.7 - https:\/\/yoast.com\/wordpress\/plugins\/seo\/ -->\n<title>Bourgogne Aujourd\u2019hui, N\u00b0115, janvier 2014 - Dureuil Janthial<\/title>\n<meta name=\"robots\" content=\"index, follow, max-snippet:-1, max-image-preview:large, max-video-preview:-1\" \/>\n<link rel=\"canonical\" href=\"https:\/\/www.dureuil-janthial.fr\/en\/bourgogne-aujourdhui-n115-janvier-2014\/\" \/>\n<meta property=\"og:locale\" content=\"en_GB\" \/>\n<meta property=\"og:type\" content=\"article\" \/>\n<meta property=\"og:title\" content=\"Bourgogne Aujourd\u2019hui, N\u00b0115, janvier 2014 - Dureuil Janthial\" \/>\n<meta property=\"og:description\" content=\"En t\u00eate de liste des vignerons incarnant le renouveau de la C\u00f4te Chalonnaise, Bruno Lorenzon et Vincent Dureuil-Janthial sont exemplaires. Rien n\u2019\u00e9tait pourtant \u00e9crit d\u2019avance pour eux. Leurs vins figurent aujourd\u2019hui parmi ce que la Bourgogne sait faire de mieux. L\u2019ann\u00e9e \u00e9coul\u00e9e nous l\u2019a largement montr\u00e9 et confirm\u00e9\u2026 &gt; Lire l\u2019article\" \/>\n<meta property=\"og:url\" content=\"https:\/\/www.dureuil-janthial.fr\/en\/bourgogne-aujourdhui-n115-janvier-2014\/\" \/>\n<meta property=\"og:site_name\" content=\"Dureuil Janthial\" \/>\n<meta property=\"article:published_time\" content=\"2014-01-01T15:07:03+00:00\" \/>\n<meta property=\"article:modified_time\" content=\"2019-01-31T15:46:13+00:00\" \/>\n<meta property=\"og:image\" content=\"https:\/\/www.dureuil-janthial.fr\/wp-content\/uploads\/2018\/11\/bourgogne_aujourd_hui_n_115_janvier_2014_domaine_dureuil_janthial-pdf.jpg\" \/>\n\t<meta property=\"og:image:width\" content=\"512\" \/>\n\t<meta property=\"og:image:height\" content=\"731\" \/>\n\t<meta property=\"og:image:type\" content=\"image\/jpeg\" \/>\n<meta name=\"author\" content=\"VincentDureuil\" \/>\n<meta name=\"twitter:card\" content=\"summary_large_image\" \/>\n<meta name=\"twitter:label1\" content=\"Written by\" \/>\n\t<meta name=\"twitter:data1\" content=\"VincentDureuil\" \/>\n<!-- \/ Yoast SEO plugin. -->","yoast_head_json":{"title":"Bourgogne Aujourd\u2019hui, N\u00b0115, janvier 2014 - Dureuil Janthial","robots":{"index":"index","follow":"follow","max-snippet":"max-snippet:-1","max-image-preview":"max-image-preview:large","max-video-preview":"max-video-preview:-1"},"canonical":"https:\/\/www.dureuil-janthial.fr\/en\/bourgogne-aujourdhui-n115-janvier-2014\/","og_locale":"en_GB","og_type":"article","og_title":"Bourgogne Aujourd\u2019hui, N\u00b0115, janvier 2014 - Dureuil Janthial","og_description":"En t\u00eate de liste des vignerons incarnant le renouveau de la C\u00f4te Chalonnaise, Bruno Lorenzon et Vincent Dureuil-Janthial sont exemplaires. Rien n\u2019\u00e9tait pourtant \u00e9crit d\u2019avance pour eux. Leurs vins figurent aujourd\u2019hui parmi ce que la Bourgogne sait faire de mieux. L\u2019ann\u00e9e \u00e9coul\u00e9e nous l\u2019a largement montr\u00e9 et confirm\u00e9\u2026 &gt; Lire l\u2019article","og_url":"https:\/\/www.dureuil-janthial.fr\/en\/bourgogne-aujourdhui-n115-janvier-2014\/","og_site_name":"Dureuil Janthial","article_published_time":"2014-01-01T15:07:03+00:00","article_modified_time":"2019-01-31T15:46:13+00:00","og_image":[{"width":512,"height":731,"url":"https:\/\/www.dureuil-janthial.fr\/wp-content\/uploads\/2018\/11\/bourgogne_aujourd_hui_n_115_janvier_2014_domaine_dureuil_janthial-pdf.jpg","type":"image\/jpeg"}],"author":"VincentDureuil","twitter_card":"summary_large_image","twitter_misc":{"Written by":"VincentDureuil"},"schema":{"@context":"https:\/\/schema.org","@graph":[{"@type":"Article","@id":"https:\/\/www.dureuil-janthial.fr\/bourgogne-aujourdhui-n115-janvier-2014\/#article","isPartOf":{"@id":"https:\/\/www.dureuil-janthial.fr\/bourgogne-aujourdhui-n115-janvier-2014\/"},"author":{"name":"VincentDureuil","@id":"https:\/\/www.dureuil-janthial.fr\/#\/schema\/person\/26fa198bf93bd8132d47c80815616340"},"headline":"Bourgogne Aujourd\u2019hui, N\u00b0115, janvier 2014","datePublished":"2014-01-01T15:07:03+00:00","dateModified":"2019-01-31T15:46:13+00:00","mainEntityOfPage":{"@id":"https:\/\/www.dureuil-janthial.fr\/bourgogne-aujourdhui-n115-janvier-2014\/"},"wordCount":66,"image":{"@id":"https:\/\/www.dureuil-janthial.fr\/bourgogne-aujourdhui-n115-janvier-2014\/#primaryimage"},"thumbnailUrl":"https:\/\/www.dureuil-janthial.fr\/wp-content\/uploads\/2018\/11\/bourgogne_aujourd_hui_n_115_janvier_2014_domaine_dureuil_janthial-pdf.jpg","articleSection":["M\u00e9dias"],"inLanguage":"en-GB"},{"@type":"WebPage","@id":"https:\/\/www.dureuil-janthial.fr\/bourgogne-aujourdhui-n115-janvier-2014\/","url":"https:\/\/www.dureuil-janthial.fr\/bourgogne-aujourdhui-n115-janvier-2014\/","name":"Bourgogne Aujourd\u2019hui, N\u00b0115, janvier 2014 - Dureuil Janthial","isPartOf":{"@id":"https:\/\/www.dureuil-janthial.fr\/#website"},"primaryImageOfPage":{"@id":"https:\/\/www.dureuil-janthial.fr\/bourgogne-aujourdhui-n115-janvier-2014\/#primaryimage"},"image":{"@id":"https:\/\/www.dureuil-janthial.fr\/bourgogne-aujourdhui-n115-janvier-2014\/#primaryimage"},"thumbnailUrl":"https:\/\/www.dureuil-janthial.fr\/wp-content\/uploads\/2018\/11\/bourgogne_aujourd_hui_n_115_janvier_2014_domaine_dureuil_janthial-pdf.jpg","datePublished":"2014-01-01T15:07:03+00:00","dateModified":"2019-01-31T15:46:13+00:00","author":{"@id":"https:\/\/www.dureuil-janthial.fr\/#\/schema\/person\/26fa198bf93bd8132d47c80815616340"},"breadcrumb":{"@id":"https:\/\/www.dureuil-janthial.fr\/bourgogne-aujourdhui-n115-janvier-2014\/#breadcrumb"},"inLanguage":"en-GB","potentialAction":[{"@type":"ReadAction","target":["https:\/\/www.dureuil-janthial.fr\/bourgogne-aujourdhui-n115-janvier-2014\/"]}]},{"@type":"ImageObject","inLanguage":"en-GB","@id":"https:\/\/www.dureuil-janthial.fr\/bourgogne-aujourdhui-n115-janvier-2014\/#primaryimage","url":"https:\/\/www.dureuil-janthial.fr\/wp-content\/uploads\/2018\/11\/bourgogne_aujourd_hui_n_115_janvier_2014_domaine_dureuil_janthial-pdf.jpg","contentUrl":"https:\/\/www.dureuil-janthial.fr\/wp-content\/uploads\/2018\/11\/bourgogne_aujourd_hui_n_115_janvier_2014_domaine_dureuil_janthial-pdf.jpg","width":512,"height":731},{"@type":"BreadcrumbList","@id":"https:\/\/www.dureuil-janthial.fr\/bourgogne-aujourdhui-n115-janvier-2014\/#breadcrumb","itemListElement":[{"@type":"ListItem","position":1,"name":"Home","item":"https:\/\/www.dureuil-janthial.fr\/"},{"@type":"ListItem","position":2,"name":"Bourgogne Aujourd\u2019hui, N\u00b0115, janvier 2014"}]},{"@type":"WebSite","@id":"https:\/\/www.dureuil-janthial.fr\/#website","url":"https:\/\/www.dureuil-janthial.fr\/","name":"Dureuil Janthial","description":"Grands vins de Bourgogne","inLanguage":"en-GB"},{"@type":"Person","@id":"https:\/\/www.dureuil-janthial.fr\/#\/schema\/person\/26fa198bf93bd8132d47c80815616340","name":"VincentDureuil","image":{"@type":"ImageObject","inLanguage":"en-GB","@id":"https:\/\/www.dureuil-janthial.fr\/#\/schema\/person\/image\/","url":"https:\/\/secure.gravatar.com\/avatar\/ecee8a87712839eaef2d1ff9f04e6e1aabcf7f21afbbb39382c1c05712229991?s=96&d=mm&r=g","contentUrl":"https:\/\/secure.gravatar.com\/avatar\/ecee8a87712839eaef2d1ff9f04e6e1aabcf7f21afbbb39382c1c05712229991?s=96&d=mm&r=g","caption":"VincentDureuil"},"url":"https:\/\/www.dureuil-janthial.fr\/en\/author\/vincentdureuil\/"}]}},"_links":{"self":[{"href":"https:\/\/www.dureuil-janthial.fr\/en\/wp-json\/wp\/v2\/posts\/59","targetHints":{"allow":["GET"]}}],"collection":[{"href":"https:\/\/www.dureuil-janthial.fr\/en\/wp-json\/wp\/v2\/posts"}],"about":[{"href":"https:\/\/www.dureuil-janthial.fr\/en\/wp-json\/wp\/v2\/types\/post"}],"author":[{"embeddable":true,"href":"https:\/\/www.dureuil-janthial.fr\/en\/wp-json\/wp\/v2\/users\/1"}],"replies":[{"embeddable":true,"href":"https:\/\/www.dureuil-janthial.fr\/en\/wp-json\/wp\/v2\/comments?post=59"}],"version-history":[{"count":5,"href":"https:\/\/www.dureuil-janthial.fr\/en\/wp-json\/wp\/v2\/posts\/59\/revisions"}],"predecessor-version":[{"id":163,"href":"https:\/\/www.dureuil-janthial.fr\/en\/wp-json\/wp\/v2\/posts\/59\/revisions\/163"}],"wp:featuredmedia":[{"embeddable":true,"href":"https:\/\/www.dureuil-janthial.fr\/en\/wp-json\/wp\/v2\/media\/7"}],"wp:attachment":[{"href":"https:\/\/www.dureuil-janthial.fr\/en\/wp-json\/wp\/v2\/media?parent=59"}],"wp:term":[{"taxonomy":"category","embeddable":true,"href":"https:\/\/www.dureuil-janthial.fr\/en\/wp-json\/wp\/v2\/categories?post=59"},{"taxonomy":"post_tag","embeddable":true,"href":"https:\/\/www.dureuil-janthial.fr\/en\/wp-json\/wp\/v2\/tags?post=59"}],"curies":[{"name":"wp","href":"https:\/\/api.w.org\/{rel}","templated":true}]}}